{"id":10507,"date":"2025-09-13T12:00:00","date_gmt":"2025-09-13T10:00:00","guid":{"rendered":"https:\/\/www.escorpain.fr\/?p=10507"},"modified":"2025-09-12T09:38:09","modified_gmt":"2025-09-12T07:38:09","slug":"du-changement-pour-le-taux-de-prelevement-a-la-source-au-1er-septembre","status":"publish","type":"post","link":"https:\/\/www.escorpain.fr\/?p=10507","title":{"rendered":"Du changement pour le taux de pr\u00e9l\u00e8vement \u00e0 la source au 1er septembre"},"content":{"rendered":"<div class=\"wp-block-image\">\n<figure class=\"aligncenter size-large\"><img loading=\"lazy\" decoding=\"async\" width=\"1024\" height=\"108\" src=\"https:\/\/www.escorpain.fr\/wp-content\/uploads\/2025\/09\/Finances-publiques-1024x108.png\" alt=\"\" class=\"wp-image-10508\" srcset=\"https:\/\/www.escorpain.fr\/wp-content\/uploads\/2025\/09\/Finances-publiques-1024x108.png 1024w, https:\/\/www.escorpain.fr\/wp-content\/uploads\/2025\/09\/Finances-publiques-300x32.png 300w, https:\/\/www.escorpain.fr\/wp-content\/uploads\/2025\/09\/Finances-publiques-768x81.png 768w, https:\/\/www.escorpain.fr\/wp-content\/uploads\/2025\/09\/Finances-publiques-1536x161.png 1536w, https:\/\/www.escorpain.fr\/wp-content\/uploads\/2025\/09\/Finances-publiques-2048x215.png 2048w\" sizes=\"auto, (max-width: 1024px) 100vw, 1024px\" \/><\/figure>\n<\/div>\n\n\n<h2 class=\"wp-block-heading\">Du changement pour le taux de pr\u00e9l\u00e8vement \u00e0 la source au 1er septembre<\/h2>\n\n\n\n<p>Bonjour,<\/p>\n\n\n\n<p>Chaque ann\u00e9e au 1er septembre, le taux de pr\u00e9l\u00e8vement \u00e0 la source est actualis\u00e9 en fonction des revenus d\u00e9clar\u00e9s entre avril et juin (campagne IR). Cela suscite parfois des interrogations de la part des salari\u00e9s ou des pensionn\u00e9s, notamment lorsque leur taux \u00e9volue et impacte le montant retenu \u00e0 la source sur leurs salaires ou leurs pensions.<\/p>\n\n\n\n<p>\u00c0 partir du 1er septembre 2025, l\u2019article 19 de la loi de Finances pour 2024 pr\u00e9voit l\u2019application du taux individualis\u00e9 par d\u00e9faut \u00e0 chacun des conjoints, en lieu et place du taux foyer. Le taux individualis\u00e9 permet \u00e0 chaque membre du foyer d\u2019avoir un taux de pr\u00e9l\u00e8vement \u00e0 la source qui correspond au niveau de ses revenus propres. Cela n\u2019a aucune cons\u00e9quence sur le montant total de l\u2019imp\u00f4t du foyer. Ainsi, le montant pr\u00e9lev\u00e9 individuellement sera r\u00e9parti plus \u00e9quitablement, en fonction des revenus de chaque membre du foyer. Cela pourra donc modifier, \u00e0 la hausse ou \u00e0 la baisse selon les situations, le montant net de salaire ou de pension per\u00e7u par chacune et chacun. Conserver ou revenir au taux foyer est toujours possible&nbsp;: certains contribuables ont d\u2019ailleurs coch\u00e9 cette option au moment de leur d\u00e9claration. Ils pourront le faire \u00e0 leur convenance \u00e0 partir du 1er septembre sur simple demande au sein de leur espace fiscal en ligne ou aupr\u00e8s des services de la DGFiP.<\/p>\n\n\n\n<p>Les usagers recevront une information sur l\u2019impact de cette \u00e9volution directement de la DGFiP. Vous trouverez ci-dessous des \u00e9l\u00e9ments pour r\u00e9pondre, le cas \u00e9ch\u00e9ant, aux questions de vos salari\u00e9s ou pensionn\u00e9s.<\/p>\n\n\n\n<p><strong><u>Qui est concern\u00e9 ?<\/u><\/strong><\/p>\n\n\n\n<p>Ce dispositif s\u2019applique automatiquement \u00e0 partir du 1er septembre 2025 aux&nbsp;couples mari\u00e9s ou pacs\u00e9s jusqu\u2019ici soumis au taux foyer. D\u00e9sormais, c\u2019est le taux individualis\u00e9 qui sera appliqu\u00e9 par d\u00e9faut \u00e0 tous les contribuables, sauf s\u2019ils ont opt\u00e9 explicitement pour rester au taux foyer lors de leur d\u00e9claration.<\/p>\n\n\n\n<p><strong><u>Quel impact sur leur fiche de paie ou leur pension ?<\/u><\/strong><\/p>\n\n\n\n<p>Si les usagers n\u2019ont pas opt\u00e9 pour conserver le taux du foyer, l\u2019individualisation de leur taux peut avoir un effet \u00e0 la hausse ou \u00e0 la baisse sur le montant retenu \u00e0 la source.<\/p>\n\n\n\n<p>Ainsi, certains usagers verront le montant de leur revenu net apr\u00e8s imp\u00f4t augmenter ou diminuer, alors que leur revenu brut n\u2019a pas vari\u00e9 par rapport au mois pr\u00e9c\u00e9dent. Ce changement est sans cons\u00e9quence sur le montant d\u2019imp\u00f4t global du couple qui reste strictement identique, seule sa r\u00e9partition entre les conjoints est modifi\u00e9e.<\/p>\n\n\n\n<p><strong><u>Le salari\u00e9 ou pensionn\u00e9 a opt\u00e9 pour la confidentialit\u00e9 du taux, son taux individualis\u00e9 va-t-il s\u2019appliquer&nbsp;?<\/u><\/strong><\/p>\n\n\n\n<p>Non, en cas d\u2019option pour la confidentialit\u00e9 du taux, c\u2019est toujours le taux neutre (consistant \u00e0 appliquer directement le bar\u00e8me de l\u2019imp\u00f4t sur le revenu) qui s\u2019applique.<\/p>\n\n\n\n<p>Pour toute autre question de vos salari\u00e9s ou pensionn\u00e9s sur l\u2019impact de cette modification, vous pouvez les inviter \u00e0 contacter le num\u00e9ro national d\u2019assistance des Finances publiques au 0809 401&nbsp;401, du lundi au vendredi de 8h30 \u00e0 19h00 (service gratuit + co\u00fbt de l\u2019appel).<\/p>\n\n\n\n<p><strong>La Direction g\u00e9n\u00e9rale des Finances publiques<\/strong><\/p>\n\n\n\n<figure class=\"wp-block-table\"><table class=\"has-fixed-layout\"><tbody><tr><td>Services Publics +<\/td><\/tr><tr><td>Une h\u00e9sitation pour une d\u00e9marche ? <a href=\"https:\/\/www.plus.transformation.gouv.fr\/j-ai-droit-a-l-erreur\/professionnel\" target=\"_blank\" rel=\"noreferrer noopener\"><strong>Retrouvez les conseils pour \u00e9viter les erreurs<\/strong><\/a><\/td><\/tr><\/tbody><\/table><\/figure>\n\n\n\n<figure class=\"wp-block-table\"><table class=\"has-fixed-layout\"><tbody><tr><td>Savez-vous \u00e0 quoi servent vos imp\u00f4ts&nbsp;?<\/td><\/tr><tr><td>D\u00e9couvrez-le sur le site <a href=\"https:\/\/www.economie.gouv.fr\/aqsmi\" target=\"_blank\" rel=\"noreferrer noopener\"><strong>economie.gouv.fr<\/strong><\/a>.<\/td><\/tr><\/tbody><\/table><\/figure>\n\n\n\n<figure class=\"wp-block-table\"><table class=\"has-fixed-layout\"><tbody><tr><td>Pour votre s\u00e9curit\u00e9&nbsp;:<\/td><\/tr><tr><td><strong>Ne r\u00e9pondez jamais<\/strong> \u00e0 un courriel vous demandant votre <strong>num\u00e9ro de carte bancaire<\/strong> ou une <strong>copie de vos pi\u00e8ces d&#8217;identit\u00e9<\/strong>.<strong>Ne partagez jamais vos identifiants d&#8217;acc\u00e8s<\/strong> \u00e0 votre espace professionnel <strong>DGFiP<\/strong>, et pensez \u00e0 <strong>renouveler r\u00e9guli\u00e8rement votre mot de passe<\/strong>.<strong>V\u00e9rifiez toujours l&#8217;adresse de l&#8217;exp\u00e9diteur des messages avant de les ouvrir.<\/strong> Pour la DGFiP, la partie droite de l&#8217;adresse doit \u00eatre \u00e9gale \u00e0 <strong>@<a href=\"http:\/\/dgfip.finances.gouv.fr\" target=\"_blank\" rel=\"noreferrer noopener\">dgfip.finances.gouv.fr<\/a><\/strong>. Sinon, il s&#8217;agit d&#8217;un message frauduleux.<\/td><\/tr><\/tbody><\/table><\/figure>\n\n\n\n<p>Retrouvez la DGFiP sur\u00a0:<\/p>\n\n\n<div class=\"wp-block-image\">\n<figure class=\"aligncenter size-full\"><a href=\"http:\/\/fr.linkedin.com\/company\/direction-g%C3%A9n%C3%A9rale-des-finances-publiques\" target=\"_blank\" rel=\" noreferrer noopener\"><img loading=\"lazy\" decoding=\"async\" width=\"157\" height=\"175\" src=\"https:\/\/www.escorpain.fr\/wp-content\/uploads\/2025\/09\/in-impots.png\" alt=\"\" class=\"wp-image-10510\"\/><\/a><\/figure>\n<\/div>\n\n<div class=\"wp-block-image\">\n<figure class=\"aligncenter size-full\"><a href=\"https:\/\/www.instagram.com\/financespubliquesfr\" target=\"_blank\" rel=\" noreferrer noopener\"><img loading=\"lazy\" decoding=\"async\" width=\"165\" height=\"174\" src=\"https:\/\/www.escorpain.fr\/wp-content\/uploads\/2025\/09\/Insta.png\" alt=\"\" class=\"wp-image-10511\"\/><\/a><\/figure>\n<\/div>\n\n<div class=\"wp-block-image\">\n<figure class=\"aligncenter size-full\"><a href=\"https:\/\/www.tiktok.com\/@financespubliques\" target=\"_blank\" rel=\" noreferrer noopener\"><img loading=\"lazy\" decoding=\"async\" width=\"135\" height=\"181\" src=\"https:\/\/www.escorpain.fr\/wp-content\/uploads\/2025\/09\/Tiktok.png\" alt=\"\" class=\"wp-image-10512\"\/><\/a><\/figure>\n<\/div>\n\n<div class=\"wp-block-image\">\n<figure class=\"aligncenter size-full\"><a href=\"https:\/\/x.com\/dgfip_officiel\" target=\"_blank\" rel=\" noreferrer noopener\"><img loading=\"lazy\" decoding=\"async\" width=\"142\" height=\"175\" src=\"https:\/\/www.escorpain.fr\/wp-content\/uploads\/2025\/09\/X.png\" alt=\"\" class=\"wp-image-10513\"\/><\/a><\/figure>\n<\/div>\n\n<div class=\"wp-block-image\">\n<figure class=\"aligncenter size-full\"><a href=\"http:\/\/www.facebook.com\/pages\/Direction-g%C3%A9n%C3%A9rale-des-Finances-publiques\/250996308359760\" target=\"_blank\" rel=\" noreferrer noopener\"><img loading=\"lazy\" decoding=\"async\" width=\"157\" height=\"160\" src=\"https:\/\/www.escorpain.fr\/wp-content\/uploads\/2025\/09\/Facebook.png\" alt=\"\" class=\"wp-image-10509\"\/><\/a><\/figure>\n<\/div>","protected":false},"excerpt":{"rendered":"<p>Du changement pour le taux de pr\u00e9l\u00e8vement \u00e0 la source au 1er septembre Bonjour, Chaque ann\u00e9e au 1er septembre, le taux de pr\u00e9l\u00e8vement \u00e0 la source est actualis\u00e9 en fonction des revenus d\u00e9clar\u00e9s entre avril et juin (campagne IR). Cela suscite parfois des interrogations de la part des salari\u00e9s ou des pensionn\u00e9s, notamment lorsque leur &hellip; <a href=\"https:\/\/www.escorpain.fr\/?p=10507\" class=\"more-link\">Continuer la lecture de <span class=\"screen-reader-text\">Du changement pour le taux de pr\u00e9l\u00e8vement \u00e0 la source au 1er septembre<\/span>  <span class=\"meta-nav\">&rarr;<\/span><\/a><\/p>\n","protected":false},"author":1,"featured_media":0,"comment_status":"closed","ping_status":"closed","sticky":false,"template":"","format":"standard","meta":{"_exactmetrics_skip_tracking":false,"_exactmetrics_sitenote_active":false,"_exactmetrics_sitenote_note":"","_exactmetrics_sitenote_category":0,"_s2mail":"yes","footnotes":""},"categories":[94],"tags":[],"class_list":["post-10507","post","type-post","status-publish","format-standard","hentry","category-information"],"_links":{"self":[{"href":"https:\/\/www.escorpain.fr\/index.php?rest_route=\/wp\/v2\/posts\/10507","targetHints":{"allow":["GET"]}}],"collection":[{"href":"https:\/\/www.escorpain.fr\/index.php?rest_route=\/wp\/v2\/posts"}],"about":[{"href":"https:\/\/www.escorpain.fr\/index.php?rest_route=\/wp\/v2\/types\/post"}],"author":[{"embeddable":true,"href":"https:\/\/www.escorpain.fr\/index.php?rest_route=\/wp\/v2\/users\/1"}],"replies":[{"embeddable":true,"href":"https:\/\/www.escorpain.fr\/index.php?rest_route=%2Fwp%2Fv2%2Fcomments&post=10507"}],"version-history":[{"count":1,"href":"https:\/\/www.escorpain.fr\/index.php?rest_route=\/wp\/v2\/posts\/10507\/revisions"}],"predecessor-version":[{"id":10514,"href":"https:\/\/www.escorpain.fr\/index.php?rest_route=\/wp\/v2\/posts\/10507\/revisions\/10514"}],"wp:attachment":[{"href":"https:\/\/www.escorpain.fr\/index.php?rest_route=%2Fwp%2Fv2%2Fmedia&parent=10507"}],"wp:term":[{"taxonomy":"category","embeddable":true,"href":"https:\/\/www.escorpain.fr\/index.php?rest_route=%2Fwp%2Fv2%2Fcategories&post=10507"},{"taxonomy":"post_tag","embeddable":true,"href":"https:\/\/www.escorpain.fr\/index.php?rest_route=%2Fwp%2Fv2%2Ftags&post=10507"}],"curies":[{"name":"wp","href":"https:\/\/api.w.org\/{rel}","templated":true}]}}