{"id":11004,"date":"2026-03-17T08:00:00","date_gmt":"2026-03-17T07:00:00","guid":{"rendered":"https:\/\/www.escorpain.fr\/?p=11004"},"modified":"2026-03-13T17:05:47","modified_gmt":"2026-03-13T16:05:47","slug":"reouverture-de-la-vegeterie-de-boullay-thierry","status":"publish","type":"post","link":"https:\/\/www.escorpain.fr\/?p=11004","title":{"rendered":"R\u00e9ouverture de la v\u00e9g\u00e8terie de Boullay-Thierry"},"content":{"rendered":"\n<figure class=\"wp-block-image size-large\"><a href=\"https:\/\/www.escorpain.fr\/wp-content\/uploads\/2026\/03\/Communique-de-presse_-Reouverture-vegeterie-du-Boullay-Thierry_Mars2026.png\" target=\"_blank\" rel=\" noreferrer noopener\"><img loading=\"lazy\" decoding=\"async\" width=\"721\" height=\"1024\" src=\"https:\/\/www.escorpain.fr\/wp-content\/uploads\/2026\/03\/Communique-de-presse_-Reouverture-vegeterie-du-Boullay-Thierry_Mars2026-721x1024.png\" alt=\"\" class=\"wp-image-11005\" srcset=\"https:\/\/www.escorpain.fr\/wp-content\/uploads\/2026\/03\/Communique-de-presse_-Reouverture-vegeterie-du-Boullay-Thierry_Mars2026-721x1024.png 721w, https:\/\/www.escorpain.fr\/wp-content\/uploads\/2026\/03\/Communique-de-presse_-Reouverture-vegeterie-du-Boullay-Thierry_Mars2026-211x300.png 211w, https:\/\/www.escorpain.fr\/wp-content\/uploads\/2026\/03\/Communique-de-presse_-Reouverture-vegeterie-du-Boullay-Thierry_Mars2026-768x1091.png 768w, https:\/\/www.escorpain.fr\/wp-content\/uploads\/2026\/03\/Communique-de-presse_-Reouverture-vegeterie-du-Boullay-Thierry_Mars2026.png 883w\" sizes=\"auto, (max-width: 721px) 100vw, 721px\" \/><\/a><\/figure>\n","protected":false},"excerpt":{"rendered":"","protected":false},"author":1,"featured_media":0,"comment_status":"closed","ping_status":"closed","sticky":false,"template":"","format":"standard","meta":{"_exactmetrics_skip_tracking":false,"_exactmetrics_sitenote_active":false,"_exactmetrics_sitenote_note":"","_exactmetrics_sitenote_category":0,"_s2mail":"yes","footnotes":""},"categories":[85],"tags":[],"class_list":["post-11004","post","type-post","status-publish","format-standard","hentry","category-environnement"],"_links":{"self":[{"href":"https:\/\/www.escorpain.fr\/index.php?rest_route=\/wp\/v2\/posts\/11004","targetHints":{"allow":["GET"]}}],"collection":[{"href":"https:\/\/www.escorpain.fr\/index.php?rest_route=\/wp\/v2\/posts"}],"about":[{"href":"https:\/\/www.escorpain.fr\/index.php?rest_route=\/wp\/v2\/types\/post"}],"author":[{"embeddable":true,"href":"https:\/\/www.escorpain.fr\/index.php?rest_route=\/wp\/v2\/users\/1"}],"replies":[{"embeddable":true,"href":"https:\/\/www.escorpain.fr\/index.php?rest_route=%2Fwp%2Fv2%2Fcomments&post=11004"}],"version-history":[{"count":2,"href":"https:\/\/www.escorpain.fr\/index.php?rest_route=\/wp\/v2\/posts\/11004\/revisions"}],"predecessor-version":[{"id":11007,"href":"https:\/\/www.escorpain.fr\/index.php?rest_route=\/wp\/v2\/posts\/11004\/revisions\/11007"}],"wp:attachment":[{"href":"https:\/\/www.escorpain.fr\/index.php?rest_route=%2Fwp%2Fv2%2Fmedia&parent=11004"}],"wp:term":[{"taxonomy":"category","embeddable":true,"href":"https:\/\/www.escorpain.fr\/index.php?rest_route=%2Fwp%2Fv2%2Fcategories&post=11004"},{"taxonomy":"post_tag","embeddable":true,"href":"https:\/\/www.escorpain.fr\/index.php?rest_route=%2Fwp%2Fv2%2Ftags&post=11004"}],"curies":[{"name":"wp","href":"https:\/\/api.w.org\/{rel}","templated":true}]}}