{"id":11099,"date":"2026-04-29T09:26:59","date_gmt":"2026-04-29T07:26:59","guid":{"rendered":"https:\/\/www.escorpain.fr\/?p=11099"},"modified":"2026-04-29T09:27:00","modified_gmt":"2026-04-29T07:27:00","slug":"au-theatre-ce-soir-a-dreux","status":"publish","type":"post","link":"https:\/\/www.escorpain.fr\/?p=11099","title":{"rendered":"Au th\u00e9\u00e2tre ce soir (\u00e0 Dreux)"},"content":{"rendered":"\n<h2 class=\"wp-block-heading\">LA COULEUR DES SOUVENIRS<\/h2>\n\n\n\n<p><strong>Mercredi 29 avril 2026 &#8211; 20:30<\/strong><\/p>\n\n\n\n<p>Avec Dominique Pinon et Catherine Arditi<\/p>\n\n\n<div class=\"wp-block-image\">\n<figure class=\"aligncenter size-large\"><a href=\"https:\/\/www.escorpain.fr\/wp-content\/uploads\/2026\/04\/LA-COULEUR-DES-SOUVENIRS.png\" target=\"_blank\" rel=\" noreferrer noopener\"><img loading=\"lazy\" decoding=\"async\" width=\"724\" height=\"1024\" src=\"https:\/\/www.escorpain.fr\/wp-content\/uploads\/2026\/04\/LA-COULEUR-DES-SOUVENIRS-724x1024.png\" alt=\"\" class=\"wp-image-11101\" srcset=\"https:\/\/www.escorpain.fr\/wp-content\/uploads\/2026\/04\/LA-COULEUR-DES-SOUVENIRS-724x1024.png 724w, https:\/\/www.escorpain.fr\/wp-content\/uploads\/2026\/04\/LA-COULEUR-DES-SOUVENIRS-212x300.png 212w, https:\/\/www.escorpain.fr\/wp-content\/uploads\/2026\/04\/LA-COULEUR-DES-SOUVENIRS-768x1086.png 768w, https:\/\/www.escorpain.fr\/wp-content\/uploads\/2026\/04\/LA-COULEUR-DES-SOUVENIRS-1086x1536.png 1086w, https:\/\/www.escorpain.fr\/wp-content\/uploads\/2026\/04\/LA-COULEUR-DES-SOUVENIRS.png 1191w\" sizes=\"auto, (max-width: 724px) 100vw, 724px\" \/><\/a><\/figure>\n<\/div>\n\n\n<p>\u00ab&nbsp;Comment r\u00e9ussir \u00e0 se pardonner des actes que nous-m\u00eames r\u00e9putons impardonnables&nbsp;? Fabio Marra trace un portrait tendre et poignant de Vittorio, un artiste peintre dont le champ visuel diminue peu \u00e0 peu. Atteint de DMLA, il perd la vue progressivement. Dans l\u2019incapacit\u00e9\u0301 de d\u00e9voiler ses \u0153uvres, il s\u2019est toujours cach\u00e9 derri\u00e8re le trait d\u2019autres peintres. Comme ultime rempart, il se lance dans la falsification d\u2019un chef-d\u2019\u0153uvre. Alarm\u00e9e par son manque d\u2019autonomie, sa s\u0153ur Clara, tente de renouer les relations avec lui. Elle esp\u00e8re pouvoir aider ce fr\u00e8re qu\u2019elle aime tant et r\u00e9cup\u00e9rer le seul lien qui lui reste avec son enfance. L\u2019arriv\u00e9e inattendue de son fils, plonge Vittorio dans le pass\u00e9. Quand les souvenirs refont surface, comment r\u00e9gler ses propres conflits, comment apprendre \u00e0 voir autrement ?&nbsp;\u00bb<\/p>\n\n\n\n<p>\u00c0 partir de 12 ans<\/p>\n\n\n\n<p>Tarifs : de 12\u20ac \u00e0 25\u20ac<\/p>\n\n\n\n<p><a href=\"https:\/\/indiv.themisweb.fr\/0094\/fListeManifs.aspx?idstructure=0094\" target=\"_blank\" rel=\"noreferrer noopener\">Billetterie<\/a><\/p>\n","protected":false},"excerpt":{"rendered":"<p>LA COULEUR DES SOUVENIRS Mercredi 29 avril 2026 &#8211; 20:30 Avec Dominique Pinon et Catherine Arditi \u00ab&nbsp;Comment r\u00e9ussir \u00e0 se pardonner des actes que nous-m\u00eames r\u00e9putons impardonnables&nbsp;? Fabio Marra trace un portrait tendre et poignant de Vittorio, un artiste peintre dont le champ visuel diminue peu \u00e0 peu. Atteint de DMLA, il perd la vue &hellip; <a href=\"https:\/\/www.escorpain.fr\/?p=11099\" class=\"more-link\">Continuer la lecture de <span class=\"screen-reader-text\">Au th\u00e9\u00e2tre ce soir (\u00e0 Dreux)<\/span>  <span class=\"meta-nav\">&rarr;<\/span><\/a><\/p>\n","protected":false},"author":1,"featured_media":0,"comment_status":"closed","ping_status":"closed","sticky":false,"template":"","format":"standard","meta":{"_exactmetrics_skip_tracking":false,"_exactmetrics_sitenote_active":false,"_exactmetrics_sitenote_note":"","_exactmetrics_sitenote_category":0,"_s2mail":"yes","footnotes":""},"categories":[63],"tags":[],"class_list":["post-11099","post","type-post","status-publish","format-standard","hentry","category-loisirs"],"_links":{"self":[{"href":"https:\/\/www.escorpain.fr\/index.php?rest_route=\/wp\/v2\/posts\/11099","targetHints":{"allow":["GET"]}}],"collection":[{"href":"https:\/\/www.escorpain.fr\/index.php?rest_route=\/wp\/v2\/posts"}],"about":[{"href":"https:\/\/www.escorpain.fr\/index.php?rest_route=\/wp\/v2\/types\/post"}],"author":[{"embeddable":true,"href":"https:\/\/www.escorpain.fr\/index.php?rest_route=\/wp\/v2\/users\/1"}],"replies":[{"embeddable":true,"href":"https:\/\/www.escorpain.fr\/index.php?rest_route=%2Fwp%2Fv2%2Fcomments&post=11099"}],"version-history":[{"count":3,"href":"https:\/\/www.escorpain.fr\/index.php?rest_route=\/wp\/v2\/posts\/11099\/revisions"}],"predecessor-version":[{"id":11104,"href":"https:\/\/www.escorpain.fr\/index.php?rest_route=\/wp\/v2\/posts\/11099\/revisions\/11104"}],"wp:attachment":[{"href":"https:\/\/www.escorpain.fr\/index.php?rest_route=%2Fwp%2Fv2%2Fmedia&parent=11099"}],"wp:term":[{"taxonomy":"category","embeddable":true,"href":"https:\/\/www.escorpain.fr\/index.php?rest_route=%2Fwp%2Fv2%2Fcategories&post=11099"},{"taxonomy":"post_tag","embeddable":true,"href":"https:\/\/www.escorpain.fr\/index.php?rest_route=%2Fwp%2Fv2%2Ftags&post=11099"}],"curies":[{"name":"wp","href":"https:\/\/api.w.org\/{rel}","templated":true}]}}